{"id":1277,"date":"2026-04-23T23:23:20","date_gmt":"2026-04-24T05:23:20","guid":{"rendered":"https:\/\/www.cecooperative.ca\/forum-energie-2026\/"},"modified":"2026-08-31T13:13:23","modified_gmt":"2026-08-31T19:13:23","slug":"forum-energie-2026","status":"publish","type":"post","link":"https:\/\/www.cecooperative.ca\/fr\/forum-energie-2026\/","title":{"rendered":"Forum annuel de la CECC sur l&rsquo;\u00e9nergie communautaire 2026 | Stimuler l&rsquo;\u00e9nergie communautaire"},"content":{"rendered":"\n<hr class=\"wp-block-separator has-alpha-channel-opacity is-style-wide\"\/>\n\n<h3 class=\"wp-block-heading\"><strong>8\u20139 octobre 2026<\/strong> <\/h3>\n\n<h6 class=\"wp-block-heading\">Universit\u00e9 Concordia, Montr\u00e9al, Qu\u00e9bec | \u00c9v\u00e9nement hybride | En personne et en ligne<\/h6>\n\n<hr class=\"wp-block-separator has-alpha-channel-opacity is-style-wide\"\/>\n\n<h3 class=\"wp-block-heading\">Inscription et tarifs<\/h3>\n\n<p class=\"wp-block-paragraph\">L&rsquo;inscription est maintenant ouverte pour la participation en personne et virtuelle.<\/p>\n\n<figure class=\"wp-block-table aligncenter\"><table class=\"has-fixed-layout\"><thead><tr><th>Type d&rsquo;inscription<\/th><th>Prix<\/th><\/tr><\/thead><tbody><tr><td>En personne<\/td><td><strong>$150<\/strong><\/td><\/tr><tr><td>Membre du CECC (En Personne)<\/td><td><strong>$100<\/strong> **<\/td><\/tr><tr><td>En Ligne<\/td><td><strong>Gratuit<\/strong><\/td><\/tr><\/tbody><\/table><\/figure>\n\n<p class=\"wp-block-paragraph\"><em>** <strong>Les membres du CECC b\u00e9n\u00e9ficient d&rsquo;une r\u00e9duction de 50 $ sur l&rsquo;inscription en pr\u00e9sentiel.<\/strong><\/em> <em>La r\u00e9duction pour les membres peut \u00eatre appliqu\u00e9e automatiquement lors de l&rsquo;inscription. Si ce n&rsquo;est pas le cas, veuillez contacter <a><strong>connect@cecooperative.ca<\/strong><\/a> pour obtenir le code de r\u00e9duction r\u00e9serv\u00e9 aux membres avant de finaliser votre inscription.<\/em><\/p>\n\n<p class=\"wp-block-paragraph\">Vous n&rsquo;\u00eates pas encore membre du CECC ? L&rsquo;adh\u00e9sion est gratuite et vous permet de rejoindre le r\u00e9seau grandissant de l&rsquo;\u00e9nergie communautaire au Canada. <strong><a href=\"https:\/\/www.cecooperative.ca\/fr\/devenir-membre\/\" data-type=\"link\" data-id=\"https:\/\/www.cecooperative.ca\/become-a-member\/\">Devenez membre du CECC<\/a><\/strong> pour profiter de tarifs pr\u00e9f\u00e9rentiels ainsi que d&rsquo;opportunit\u00e9s de r\u00e9seautage et d&rsquo;apprentissage tout au long de l&rsquo;ann\u00e9e.<\/p>\n\n<h6 class=\"wp-block-heading\"><strong><strong>Inscrivez-vous d\u00e8s aujourd&rsquo;hui pour r\u00e9server votre place au rassemblement national sur l&rsquo;\u00e9nergie communautaire au Canada.<\/strong><\/strong><\/h6>\n\n<div class=\"wp-block-buttons is-content-justification-center is-layout-flex wp-container-core-buttons-is-layout-3e41869c wp-block-buttons-is-layout-flex\">\n<div class=\"wp-block-button\"><a class=\"wp-block-button__link wp-element-button\" href=\"https:\/\/www.cecooperative.ca\/fr\/civicrm\/event\/register\/?reset=1&amp;id=22\">INSCRIVEZ-VOUS AU FORUM SUR L&rsquo;\u00c9NERGIE COMMUNAUTAIRE 2026<\/a><\/div>\n<\/div>\n\n<hr class=\"wp-block-separator has-alpha-channel-opacity is-style-wide\"\/>\n\n<h3 class=\"wp-block-heading\">Rassembler le mouvement communautaire pour l&rsquo;\u00e9nergie au Canada<\/h3>\n\n<p class=\"wp-block-paragraph\">Organis\u00e9 par la Coop\u00e9rative \u00c9nerg\u00e9tique Communaitaire Canada (CECC), le Forum annuel sur l&rsquo;\u00e9nergie communautaire est le rendez-vous national canadien consacr\u00e9 \u00e0 la promotion des \u00e9nergies renouvelables g\u00e9r\u00e9es par les collectivit\u00e9s. Ce forum bilingue met en avant des projets innovants, les nouvelles orientations politiques, des solutions de financement, des mod\u00e8les de gouvernance et des outils pratiques qui aident les collectivit\u00e9s \u00e0 mettre en place et \u00e0 prendre en main des projets d&rsquo;\u00e9nergie renouvelable. Pendant deux jours, les participants \u00e9changeront des id\u00e9es, noueront des partenariats et examineront comment l&rsquo;\u00e9nergie communautaire peut devenir un pilier de la transition \u00e9nerg\u00e9tique au Canada.<\/p>\n\n<figure class=\"wp-block-image alignright size-large is-resized\"><img loading=\"lazy\" decoding=\"async\" width=\"1024\" height=\"1024\" src=\"https:\/\/www.cecooperative.ca\/sites\/www.cecooperative.ca\/wp-content\/uploads\/2026\/04\/CECC-forum-graphics-2026-6-1024x1024.png\" alt=\"\" class=\"wp-image-1389\" style=\"width:551px;height:auto\" srcset=\"https:\/\/www.cecooperative.ca\/sites\/www.cecooperative.ca\/wp-content\/uploads\/2026\/04\/CECC-forum-graphics-2026-6-1024x1024.png 1024w, https:\/\/www.cecooperative.ca\/sites\/www.cecooperative.ca\/wp-content\/uploads\/2026\/04\/CECC-forum-graphics-2026-6-300x300.png 300w, https:\/\/www.cecooperative.ca\/sites\/www.cecooperative.ca\/wp-content\/uploads\/2026\/04\/CECC-forum-graphics-2026-6-150x150.png 150w, https:\/\/www.cecooperative.ca\/sites\/www.cecooperative.ca\/wp-content\/uploads\/2026\/04\/CECC-forum-graphics-2026-6-768x768.png 768w, https:\/\/www.cecooperative.ca\/sites\/www.cecooperative.ca\/wp-content\/uploads\/2026\/04\/CECC-forum-graphics-2026-6.png 1200w\" sizes=\"auto, (max-width: 1024px) 100vw, 1024px\" \/><\/figure>\n\n<p class=\"wp-block-paragraph\">Vous entrerez en contact avec :<\/p>\n\n<ul class=\"wp-block-list\">\n<li>Coop\u00e9ratives d&rsquo;\u00e9nergie renouvelable<\/li>\n\n\n\n<li>Responsables des communaut\u00e9s autochtones<\/li>\n\n\n\n<li>Collectivit\u00e9s locales<\/li>\n\n\n\n<li>Chercheurs et \u00e9tablissements universitaires<\/li>\n\n\n\n<li>D\u00e9cideurs politiques<\/li>\n\n\n\n<li>Services publics et partenaires industriels<\/li>\n\n\n\n<li>\u00c9tablissements financiers<\/li>\n\n\n\n<li>Organisations de l&rsquo;\u00e9conomie sociale<\/li>\n\n\n\n<li>Acteurs du secteur de l&rsquo;\u00e9nergie communautaire<\/li>\n<\/ul>\n\n<hr class=\"wp-block-separator has-alpha-channel-opacity is-style-wide\"\/>\n\n<h3 class=\"wp-block-heading\"><strong>\u00c0 quoi s&rsquo;attendre<\/strong><\/h3>\n\n<p class=\"wp-block-paragraph\">Les participants aborderont les th\u00e8mes suivants :<\/p>\n\n<ul class=\"wp-block-list\">\n<li>Mod\u00e8les innovants de financement et d&rsquo;investissement<\/li>\n\n\n\n<li>Gouvernance coop\u00e9rative dans le domaine des \u00e9nergies renouvelables<\/li>\n\n\n\n<li>\u00c9volutions des politiques au niveau national et provincial<\/li>\n\n\n\n<li>Initiatives \u00e9nerg\u00e9tiques communautaires men\u00e9es par les populations autochtones<\/li>\n\n\n\n<li>Mod\u00e8les d&rsquo;appropriation communautaire<\/li>\n\n\n\n<li>Pistes concr\u00e8tes pour la cr\u00e9ation de nouvelles coop\u00e9ratives \u00e9nerg\u00e9tiques<\/li>\n\n\n\n<li>Des occasions de nouer des contacts avec des dirigeants de tout le Canada et du monde entier<\/li>\n<\/ul>\n\n<hr class=\"wp-block-separator has-alpha-channel-opacity is-style-wide\"\/>\n\n<h3 class=\"wp-block-heading\"><strong>Conf\u00e9rencier principal<\/strong> d&rsquo;ouverture<\/h3>\n\n<figure class=\"wp-block-image alignright size-full is-resized\"><img loading=\"lazy\" decoding=\"async\" width=\"600\" height=\"600\" src=\"https:\/\/www.cecooperative.ca\/sites\/www.cecooperative.ca\/wp-content\/uploads\/2026\/04\/Jordi-Pascual-Pellicer-1.jpg\" alt=\"\" class=\"wp-image-1396\" style=\"width:200px;height:auto\" srcset=\"https:\/\/www.cecooperative.ca\/sites\/www.cecooperative.ca\/wp-content\/uploads\/2026\/04\/Jordi-Pascual-Pellicer-1.jpg 600w, https:\/\/www.cecooperative.ca\/sites\/www.cecooperative.ca\/wp-content\/uploads\/2026\/04\/Jordi-Pascual-Pellicer-1-300x300.jpg 300w, https:\/\/www.cecooperative.ca\/sites\/www.cecooperative.ca\/wp-content\/uploads\/2026\/04\/Jordi-Pascual-Pellicer-1-150x150.jpg 150w\" sizes=\"auto, (max-width: 600px) 100vw, 600px\" \/><\/figure>\n\n<h6 class=\"wp-block-heading\">Dr Jordi Pascual <\/h6>\n\n<p class=\"wp-block-paragraph\">Consultant principal, <strong><em>Institut de Recerca en Energia de Catalunya<\/em><\/strong><\/p>\n\n<p class=\"wp-block-paragraph\"><strong>Communaut\u00e9s \u00e9nerg\u00e9tiques et coop\u00e9ratives en Catalogne et en Europe<\/strong><\/p>\n\n<p class=\"wp-block-paragraph\">Le Dr Jordi Pascual pr\u00e9sentera les enseignements tir\u00e9s \u00e0 l&rsquo;\u00e9chelle internationale de la croissance rapide des communaut\u00e9s \u00e9nerg\u00e9tiques en Catalogne et en Europe, en mettant en avant les mod\u00e8les de gestion r\u00e9ussis, les cadres politiques favorables et les approches concr\u00e8tes susceptibles de contribuer \u00e0 acc\u00e9l\u00e9rer le d\u00e9veloppement de l&rsquo;\u00e9nergie communautaire au Canada.<\/p>\n\n<details class=\"wp-block-details is-layout-flow wp-block-details-is-layout-flow\"><summary><em><strong>Biographie du Dr Jordi Pascual<\/strong><\/em><\/summary>\n<p class=\"wp-block-paragraph\">Jordi Pascual (Dr, m) a obtenu son dipl\u00f4me en physique, avec une sp\u00e9cialisation en astrophysique, \u00e0 l&rsquo;Universitat de Barcelona en 1995. Par la suite, de 1995 \u00e0 1997, il a \u00e9t\u00e9 professeur aux facult\u00e9s d&rsquo;ing\u00e9nierie de l&rsquo;Universidad San Carlos et de l&rsquo;Universidad Rafael Land\u00edvar, au Guatemala. Par la suite, entre 1998 et 1999, il a travaill\u00e9 comme consultant ERP chez Advanced Oriented Technologies. En 1999, il obtient un dipl\u00f4me de troisi\u00e8me cycle en syst\u00e8mes \u00e9nerg\u00e9tiques \u00e0 l&rsquo;Universitat Polit\u00e8cnica de Catalunya et, en 2000-2001, il suit une ma\u00eetrise en conception et gestion de syst\u00e8mes d&rsquo;\u00e9nergie renouvelable \u00e0 l&rsquo;Institut Catal\u00e0 de la Tecnologia. En 2000, il a fond\u00e9 AIGUASOL, un cabinet de conseil et d&rsquo;ing\u00e9nierie sp\u00e9cialis\u00e9 en \u00e9nergie, o\u00f9 il a occup\u00e9 les fonctions de directeur technique et marketing, de directeur g\u00e9n\u00e9ral et de consultant principal pour des projets d&rsquo;efficacit\u00e9 \u00e9nerg\u00e9tique et d&rsquo;\u00e9nergies renouvelables \u00e0 diff\u00e9rentes p\u00e9riodes jusqu&rsquo;en 2019. Parall\u00e8lement, entre 2008 et 2015, il a obtenu un doctorat en durabilit\u00e9, technologie et humanisme \u00e0 l&rsquo;Universitat Polit\u00e8cnica de Catalunya. En 2014, il a fond\u00e9 Exsergy Efficiency, une entreprise issue d&rsquo;AIGUASOL consacr\u00e9e aux activit\u00e9s d&rsquo;ESCO en efficacit\u00e9 \u00e9nerg\u00e9tique des b\u00e2timents, o\u00f9 il a exerc\u00e9 jusqu&rsquo;en 2019 comme directeur technique principal. En 2019, il a rejoint l&rsquo;\u00e9quipe de l&rsquo;IREC comme chercheur principal (R3) au sein du groupe \u00c9nergie thermique et performance des b\u00e2timents (ECOS). Fort de 25 ann\u00e9es d&rsquo;exp\u00e9rience dans les projets de conseil, il a ces derni\u00e8res ann\u00e9es propos\u00e9 et\/ou particip\u00e9 \u00e0 plusieurs projets de recherche financ\u00e9s par l&rsquo;Union europ\u00e9enne, tels que GiDomus, LOCALISED, EUCLID, SEACAP4SDG, Efficient Buildings, Syn.ikia, Plural, Mednice, Houseful, Plug&amp;Harvest, 4RinEU, Integridy, GrowSmarter, etc., ainsi qu&rsquo;\u00e0 d&rsquo;autres projets de R+D nationaux ou r\u00e9gionaux, principalement li\u00e9s \u00e0 la physique du b\u00e2timent, \u00e0 l&rsquo;efficacit\u00e9 \u00e9nerg\u00e9tique et aux syst\u00e8mes d&rsquo;\u00e9nergie renouvelable.<\/p>\n<\/details>\n\n<hr class=\"wp-block-separator has-alpha-channel-opacity is-style-wide\"\/>\n\n<figure class=\"wp-block-image alignright size-full\"><img loading=\"lazy\" decoding=\"async\" width=\"201\" height=\"191\" src=\"https:\/\/www.cecooperative.ca\/sites\/www.cecooperative.ca\/wp-content\/uploads\/2026\/04\/guy-lonechild.jpg\" alt=\"\" class=\"wp-image-1392\"\/><\/figure>\n\n<h3 class=\"wp-block-heading\">Conf\u00e9rencier principal de renom <\/h3>\n\n<h6 class=\"wp-block-heading\">Guy Lonechild<\/h6>\n\n<p class=\"wp-block-paragraph\">Aper\u00e7u de la pr\u00e9sentation : <em>Bient\u00f4t disponible !<\/em><\/p>\n\n<p class=\"wp-block-paragraph\"><\/p>\n\n<details class=\"wp-block-details is-layout-flow wp-block-details-is-layout-flow\"><summary><em><strong>Biographie de Guy Lonechild<\/strong><\/em><\/summary>\n<p class=\"wp-block-paragraph\">Guy Lonechild est un d\u00e9fenseur reconnu de la croissance et des possibilit\u00e9s de transformation \u00e9nerg\u00e9tique pour les communaut\u00e9s des Premi\u00e8res Nations au Canada; il est pr\u00e9sident et chef de la direction de la First Nations Power Authority.<\/p>\n\n\n\n<p class=\"wp-block-paragraph\">M. Lonechild si\u00e8ge au comit\u00e9 consultatif sur le nouveau nucl\u00e9aire de Bruce Power, pr\u00e9side le Conseil consultatif autochtone sur le nouveau nucl\u00e9aire, a copr\u00e9sid\u00e9 la table de leadership sur les PRM de Ressources naturelles Canada et a agi comme conseiller en relations autochtones aupr\u00e8s du conseil d&rsquo;examen du nouveau nucl\u00e9aire d&rsquo;OPG. Ses domaines d&rsquo;int\u00e9r\u00eat sont la mobilisation des d\u00e9tenteurs de droits autochtones, du public et des parties prenantes, les innovations en mati\u00e8re de d\u00e9veloppement dans le nouveau nucl\u00e9aire, les \u00e9nergies renouvelables, le financement de projets et les initiatives d&rsquo;approvisionnement en \u00e9lectricit\u00e9 dirig\u00e9es par les Autochtones dans le secteur canadien de l&rsquo;\u00e9lectricit\u00e9.<\/p>\n\n\n\n<p class=\"wp-block-paragraph\">Reconnu comme un leader ax\u00e9 sur les solutions, M. Lonechild pr\u00e9conise la r\u00e9conciliation \u00e9conomique et environnementale comme voie \u00e0 suivre pour permettre aux parties prenantes de tirer parti du potentiel des<br\/>\u00e9nergies alternatives et des opportunit\u00e9s de cha\u00eene d&rsquo;approvisionnement qui g\u00e9n\u00e8rent des avantages durables pour les communaut\u00e9s autochtones. Il si\u00e8ge actuellement au conseil d&rsquo;administration du Energy Council of Canada (ECC), de la Clean Energy Association of British Columbia (CEBC), et est titulaire d&rsquo;une ma\u00eetrise en administration des affaires de l&rsquo;Universit\u00e9 Cape Breton et est un ancien dirigeant de la F\u00e9d\u00e9ration des nations indiennes de la Saskatchewan. <\/p>\n<\/details>\n\n<hr class=\"wp-block-separator has-alpha-channel-opacity is-style-wide\" id=\"block-f036c7ca-b127-4c5b-a551-f4589e44ac8b\"\/>\n\n<h3 class=\"wp-block-heading\">Programme des ateliers<\/h3>\n\n<p class=\"wp-block-paragraph\">D&rsquo;autres intervenants et des informations compl\u00e9mentaires sur les sessions seront annonc\u00e9s tout au long de l&rsquo;\u00e9t\u00e9 et au d\u00e9but de l&rsquo;automne.<\/p>\n\n<hr class=\"wp-block-separator alignwide has-alpha-channel-opacity\"\/>\n\n<h6 class=\"wp-block-heading\">Une feuille de route vers la r\u00e9silience de l&rsquo;\u00e9nergie communautaire au Canada<\/h6>\n\n<p class=\"wp-block-paragraph\">Lors de cette session interactive, l&rsquo;\u00e9quipe du projet Feuille de route vers la r\u00e9silience partagera les conclusions de son exploration d&rsquo;un an sur la r\u00e9silience dans le secteur des coop\u00e9ratives d&rsquo;\u00e9nergie renouvelable au Canada. Gr\u00e2ce \u00e0 des recherches sur les meilleures pratiques internationales, une analyse r\u00e9glementaire de toutes les provinces et des ateliers avec des parties prenantes dans six emplacements \u00e0 travers le pays, ils ont identifi\u00e9 les principales opportunit\u00e9s et d\u00e9fis qui fa\u00e7onnent l&rsquo;avenir de l&rsquo;\u00e9nergie communautaire au Canada.<\/p>\n\n<p class=\"wp-block-paragraph\">Cette session mettra en lumi\u00e8re les le\u00e7ons apprises et explorera les domaines prioritaires pour b\u00e2tir un secteur des coop\u00e9ratives d&rsquo;\u00e9nergie renouvelable plus r\u00e9silient. Les participants auront \u00e9galement l&rsquo;occasion de contribuer \u00e0 l&rsquo;\u00e9laboration des feuilles de route provinciales, afin de veiller \u00e0 ce qu&rsquo;elles refl\u00e8tent les besoins, les opportunit\u00e9s et les priorit\u00e9s uniques des communaut\u00e9s \u00e0 travers le Canada.<\/p>\n\n<details class=\"wp-block-details is-layout-flow wp-block-details-is-layout-flow\"><summary><strong>Intervenants invit\u00e9s<\/strong><\/summary>\n<p class=\"wp-block-paragraph\"><strong>Dr. Martin Boucher<\/strong> &#8211; Chaire de recherche en durabilit\u00e9,<em> NorQuest College<\/em><\/p>\n\n\n\n<p class=\"wp-block-paragraph\"><strong>Josie Ward<\/strong> &#8211; Coordonnatrice de projet<em> \u2013 Centre for the Study of Canadian Co-operatives<\/em><\/p>\n<\/details>\n\n<hr class=\"wp-block-separator has-alpha-channel-opacity\"\/>\n\n<h6 class=\"wp-block-heading\"><strong>Comment mettre sur pied des processus de planification \u00e9nerg\u00e9tique plus participatifs et des communaut\u00e9s d\u2019\u00e9nergie au Qu\u00e9bec en 2026?<\/strong><\/h6>\n\n<p class=\"wp-block-paragraph\">Alors que le Qu\u00e9bec se pr\u00e9pare \u00e0 une transformation majeure de son syst\u00e8me \u00e9nerg\u00e9tique, les communaut\u00e9s locales, les citoyens, les coop\u00e9ratives et les organisations de la soci\u00e9t\u00e9 civile demeurent seulement marginalement impliqu\u00e9s dans la d\u00e9finition des besoins, l&rsquo;\u00e9tablissement des priorit\u00e9s, la s\u00e9lection des projets et la gouvernance des infrastructures. Pourtant, les exp\u00e9riences au Qu\u00e9bec et \u00e0 l&rsquo;\u00e9tranger d\u00e9montrent que la production, la distribution et la consommation d&rsquo;\u00e9nergie peuvent \u00eatre planifi\u00e9es et organis\u00e9es diff\u00e9remment. Les processus d\u00e9lib\u00e9ratifs, les initiatives de planification territoriale, les coop\u00e9ratives, les micror\u00e9seaux et les projets d\u00e9tenus collectivement offrent diff\u00e9rentes voies pour renforcer la participation communautaire et le pouvoir d\u00e9cisionnel.<\/p>\n\n<p class=\"wp-block-paragraph\">Ce panel examinera les possibilit\u00e9s pratiques de faire progresser ces approches dans le contexte institutionnel et politique actuel du Qu\u00e9bec. Comment les communaut\u00e9s et les citoyens peuvent-ils devenir plus directement impliqu\u00e9s dans la planification \u00e9nerg\u00e9tique ? Que pourrait signifier une communaut\u00e9 \u00e9nerg\u00e9tique au Qu\u00e9bec en 2026 ? Quels r\u00f4les pourraient jouer les coop\u00e9ratives, les municipalit\u00e9s, Hydro-Qu\u00e9bec, la R\u00e9gie de l&rsquo;\u00e9nergie et les mouvements citoyens ? Quels obstacles r\u00e9glementaires, institutionnels, financiers et organisationnels limitent actuellement de telles initiatives ?<\/p>\n\n<details class=\"wp-block-details is-layout-flow wp-block-details-is-layout-flow\"><summary><strong>Conf\u00e9renciers vedettes<\/strong> <em>: bient\u00f4t annonc\u00e9s<\/em><\/summary>\n<p class=\"wp-block-paragraph\"><\/p>\n<\/details>\n\n<hr class=\"wp-block-separator has-alpha-channel-opacity\"\/>\n\n<h6 class=\"wp-block-heading\">Financer et s\u2019approprier la transition \u00e9nerg\u00e9tique<\/h6>\n\n<p class=\"wp-block-paragraph\">Ce panel r\u00e9unit des d\u00e9veloppeurs de projets exp\u00e9riment\u00e9s qui ont men\u00e9 \u00e0 bien des projets \u00e9nerg\u00e9tiques communautaires dans divers environnements r\u00e9glementaires et march\u00e9s de l&rsquo;\u00e9lectricit\u00e9 au Canada et en Europe. Les pan\u00e9listes discuteront de la fa\u00e7on dont les politiques, les structures de march\u00e9, les relations avec les services publics et les processus d&rsquo;autorisation ont fa\u00e7onn\u00e9 le d\u00e9veloppement des projets, le financement et les mod\u00e8les de propri\u00e9t\u00e9 communautaire. \u00c0 travers des \u00e9tudes de cas concretes, la discussion mettra en lumi\u00e8re des strat\u00e9gies pratiques pour surmonter les obstacles r\u00e8glementaires, \u00e9tablir des partenariats efficaces et cr\u00e9er des b\u00e9n\u00e9fices \u00e9conomiques et sociaux locaux durables. Les participants acquerront des connaissances concr\u00e8tes sur les aspects du financement de projets \u00e0 prendre en compte selon les diff\u00e9rents contextes politiques et r\u00e8glementaires, afin d&rsquo;acc\u00e9l\u00e9rer les projets \u00e9nerg\u00e9tiques port\u00e9s par les communaut\u00e9s et de soutenir une transition vers une \u00e9nergie propre plus inclusive et plus r\u00e9siliente.<\/p>\n\n<details class=\"wp-block-details is-layout-flow wp-block-details-is-layout-flow\"><summary><strong>Intervenants invit\u00e9s<\/strong><\/summary>\n<p class=\"wp-block-paragraph\"><strong>Jordi Pascual<\/strong> &#8211; <em>Senior Consultant, Institut de Recerca en Energia de Catalunya<\/em><\/p>\n\n\n\n<p class=\"wp-block-paragraph\"><strong>Oriol Gavald\u00e0 <\/strong>&#8211; <em>Chef d&rsquo;\u00e9quipe pour les initiatives de d\u00e9carbonation, Institut des villes de nouvelle g\u00e9n\u00e9ration<\/em><\/p>\n\n\n\n<p class=\"wp-block-paragraph\"><strong>John Kirkwood <\/strong>&#8211; <em>President, Ottawa Renewable Energy Cooperative<\/em> <\/p>\n<\/details>\n\n<hr class=\"wp-block-separator has-alpha-channel-opacity\"\/>\n\n<h6 class=\"wp-block-heading\">~ La r\u00e9conciliation en action gr\u00e2ce \u00e0 l&rsquo;\u00e9nergie communautaire ~ \u00c0 d\u00e9terminer<\/h6>\n\n<p class=\"wp-block-paragraph\">D\u00e9couvrez, gr\u00e2ce aux t\u00e9moignages de dirigeants et d\u2019acteurs autochtones, des initiatives communautaires en mati\u00e8re d\u2019\u00e9nergies renouvelables, des partenariats \u00e9quitables et des approches qui favorisent la r\u00e9conciliation par le biais du d\u00e9veloppement \u00e9nerg\u00e9tique.<\/p>\n\n<details class=\"wp-block-details is-layout-flow wp-block-details-is-layout-flow\"><summary><strong>Conf\u00e9renciers vedettes<\/strong> <em>: bient\u00f4t annonc\u00e9s<\/em><\/summary>\n<p class=\"wp-block-paragraph\"><\/p>\n<\/details>\n\n<hr class=\"wp-block-separator has-alpha-channel-opacity\"\/>\n\n<h6 class=\"wp-block-heading\">D\u00e9velopper les coop\u00e9ratives \u00e9nerg\u00e9tiques communautaires pour en faire un partenaire majeur de la transition \u00e9nerg\u00e9tique<\/h6>\n\n<p class=\"wp-block-paragraph\">Que faudra-t-il pour que les \u00e9nergies renouvelables g\u00e9r\u00e9es par les collectivit\u00e9s jouent un r\u00f4le significatif dans la transition \u00e9nerg\u00e9tique du Canada ? Cette session collaborative explore les opportunit\u00e9s, les obstacles et les prochaines \u00e9tapes pour la croissance du secteur.<\/p>\n\n<details class=\"wp-block-details is-layout-flow wp-block-details-is-layout-flow\"><summary><strong>Conf\u00e9renciers vedettes<\/strong> <em>: bient\u00f4t annonc\u00e9s<\/em><\/summary>\n<p class=\"wp-block-paragraph\"><\/p>\n<\/details>\n\n<hr class=\"wp-block-separator has-alpha-channel-opacity\"\/>\n\n<p class=\"wp-block-paragraph\"><strong>D&rsquo;autres mises \u00e0 jour sur les s\u00e9ances \u00e0 venir<\/strong><em>: bient\u00f4t disponibles!<\/em><\/p>\n\n<hr class=\"wp-block-separator has-alpha-channel-opacity is-style-wide\" id=\"block-f036c7ca-b127-4c5b-a551-f4589e44ac8b\"\/>\n\n<h2 class=\"wp-block-heading\">Merci \u00e0 nos sponsors<\/h2>\n\n<p class=\"wp-block-paragraph\">Le Forum annuel sur l&rsquo;\u00e9nergie communautaire du CECC est rendu possible gr\u00e2ce au g\u00e9n\u00e9reux soutien de nos sponsors.<\/p>\n\n<hr class=\"wp-block-separator has-alpha-channel-opacity\"\/>\n\n<h3 class=\"wp-block-heading\">Sponsor principal :<\/h3>\n\n<figure class=\"wp-block-image aligncenter is-resized\" id=\"block-6d8242da-264f-49e2-9691-d434c24a687d\" style=\"margin-top:0;margin-bottom:0\"><img loading=\"lazy\" decoding=\"async\" width=\"384\" height=\"208\" src=\"https:\/\/www.cecooperative.ca\/sites\/www.cecooperative.ca\/wp-content\/uploads\/2026\/01\/CECC-HEADER2.jpg\" alt=\"Ce projet est financ&#xE9; en partie par le gouvernement du Canada dans le cadre du volet Pr&#xE9;paration &#xE0; la mise en &#x153;uvre du Fonds pour une &#xE9;conomie &#xE0; faibles &#xE9;missions de carbone&#10;Ce projet est financ&#xE9; en partie par le gouvernement du Canada dans le cadre du volet Pr&#xE9;paration &#xE0; la mise en &#x153;uvre du Fonds pour une &#xE9;conomie &#xE0; faibles &#xE9;missions de carbone file name is CECC-HEADER2.jpg\" class=\"wp-image-806\" style=\"width:149px;height:auto\" srcset=\"https:\/\/www.cecooperative.ca\/sites\/www.cecooperative.ca\/wp-content\/uploads\/2026\/01\/CECC-HEADER2.jpg 384w, https:\/\/www.cecooperative.ca\/sites\/www.cecooperative.ca\/wp-content\/uploads\/2026\/01\/CECC-HEADER2-300x163.jpg 300w\" sizes=\"auto, (max-width: 384px) 100vw, 384px\" \/><\/figure>\n\n<p class=\"has-text-align-center wp-block-paragraph\">Financ\u00e9 en partie par le gouvernement du Canada dans le cadre du volet Pr\u00e9paration \u00e0 la mise en \u0153uvre du Fonds pour une \u00e9conomie \u00e0 faibles \u00e9missions de carbone<\/p>\n\n<h3 class=\"wp-block-heading\">Sponsors \u00ab Or \u00bb :<\/h3>\n\n<figure class=\"wp-block-image aligncenter size-large is-resized\" id=\"block-6d8242da-264f-49e2-9691-d434c24a687d\" style=\"margin-top:0;margin-bottom:0\"><a href=\"https:\/\/www.concordia.ca\/research\/volt-age.html\"><img loading=\"lazy\" decoding=\"async\" width=\"1024\" height=\"576\" src=\"https:\/\/www.cecooperative.ca\/sites\/www.cecooperative.ca\/wp-content\/uploads\/2026\/04\/Concordia-Volt-Age-name-element-BLACK-SOLID-1-1024x576.jpg\" alt=\"\" class=\"wp-image-1243\" style=\"width:149px;height:auto\" srcset=\"https:\/\/www.cecooperative.ca\/sites\/www.cecooperative.ca\/wp-content\/uploads\/2026\/04\/Concordia-Volt-Age-name-element-BLACK-SOLID-1-1024x576.jpg 1024w, https:\/\/www.cecooperative.ca\/sites\/www.cecooperative.ca\/wp-content\/uploads\/2026\/04\/Concordia-Volt-Age-name-element-BLACK-SOLID-1-300x169.jpg 300w, https:\/\/www.cecooperative.ca\/sites\/www.cecooperative.ca\/wp-content\/uploads\/2026\/04\/Concordia-Volt-Age-name-element-BLACK-SOLID-1-768x432.jpg 768w, https:\/\/www.cecooperative.ca\/sites\/www.cecooperative.ca\/wp-content\/uploads\/2026\/04\/Concordia-Volt-Age-name-element-BLACK-SOLID-1.jpg 1152w\" sizes=\"auto, (max-width: 1024px) 100vw, 1024px\" \/><\/a><\/figure>\n\n<p class=\"has-text-align-center wp-block-paragraph\">Cette recherche a \u00e9t\u00e9 rendue possible en partie gr\u00e2ce au financement du Fonds d&rsquo;excellence en recherche Apog\u00e9e Canada, accord\u00e9 dans le cadre de l&rsquo;initiative Volt-Age de l&rsquo;Universit\u00e9 Concordia.<\/p>\n\n<h3 class=\"wp-block-heading\">Soutiens du forum :<\/h3>\n\n<figure class=\"wp-block-image aligncenter size-large is-resized\" id=\"block-6d8242da-264f-49e2-9691-d434c24a687d\" style=\"margin-top:0;margin-bottom:0\"><img loading=\"lazy\" decoding=\"async\" width=\"1024\" height=\"215\" src=\"https:\/\/www.cecooperative.ca\/sites\/www.cecooperative.ca\/wp-content\/uploads\/2026\/04\/BVGEC-RMCE_logo_C-1024x215.jpg\" alt=\"\" class=\"wp-image-1417\" style=\"aspect-ratio:4.7656171914042975;width:386px;height:auto\" srcset=\"https:\/\/www.cecooperative.ca\/sites\/www.cecooperative.ca\/wp-content\/uploads\/2026\/04\/BVGEC-RMCE_logo_C-1024x215.jpg 1024w, https:\/\/www.cecooperative.ca\/sites\/www.cecooperative.ca\/wp-content\/uploads\/2026\/04\/BVGEC-RMCE_logo_C-300x63.jpg 300w, https:\/\/www.cecooperative.ca\/sites\/www.cecooperative.ca\/wp-content\/uploads\/2026\/04\/BVGEC-RMCE_logo_C-768x161.jpg 768w, https:\/\/www.cecooperative.ca\/sites\/www.cecooperative.ca\/wp-content\/uploads\/2026\/04\/BVGEC-RMCE_logo_C-1536x322.jpg 1536w, https:\/\/www.cecooperative.ca\/sites\/www.cecooperative.ca\/wp-content\/uploads\/2026\/04\/BVGEC-RMCE_logo_C.jpg 1631w\" sizes=\"auto, (max-width: 1024px) 100vw, 1024px\" \/><\/figure>\n\n<p class=\"has-text-align-center wp-block-paragraph\"><strong>~ D&rsquo;autres possibilit\u00e9s de sponsor sont encore disponibles ~<\/strong><\/p>\n\n<hr class=\"wp-block-separator has-alpha-channel-opacity is-style-wide\"\/>\n\n<h3 class=\"wp-block-heading\">Devenez un sponsor du forum<\/h3>\n\n<p class=\"wp-block-paragraph\">Soutenez le mouvement grandissant de l&rsquo;\u00e9nergie communautaire au Canada et d\u00e9montrez votre engagement envers des solutions \u00e9nerg\u00e9tiques locales et g\u00e9r\u00e9es par la communaut\u00e9.<\/p>\n\n<p class=\"wp-block-paragraph\">Le Forum annuel de la CECC sur l&rsquo;\u00e9nergie communautaire offre aux organisations l&rsquo;occasion de s&rsquo;associer \u00e0 une plateforme nationale qui fait progresser les coop\u00e9ratives d&rsquo;\u00e9nergie renouvelable, la r\u00e9silience communautaire et une transition \u00e9nerg\u00e9tique plus inclusive.<\/p>\n\n<p class=\"wp-block-paragraph\">Nous invitons les organisations int\u00e9ress\u00e9es \u00e0 consulter notre <a href=\"https:\/\/www.cecooperative.ca\/sites\/www.cecooperative.ca\/wp-content\/uploads\/2026\/07\/V5_Sponsorship-Plan-2026-Forum.pdf\" type=\"link\" id=\"https:\/\/www.cecooperative.ca\/sites\/www.cecooperative.ca\/wp-content\/uploads\/2026\/07\/V5_Sponsorship-Plan-2026-Forum.pdf\">dossier de sponsor pour le Forum sur l&rsquo;\u00e9nergie communautaire 2026 (disponible uniquement en Anglais) <\/a>afin d&rsquo;explorer les possibilit\u00e9s de partenariat.<\/p>\n\n<p class=\"wp-block-paragraph\">Les possibilit\u00e9s de sponsor comprennent :<\/p>\n\n<ul class=\"wp-block-list\">\n<li>Reconnaissance dans les communications et le mat\u00e9riel promotionnel du Forum <\/li>\n\n\n\n<li>Visibilit\u00e9 pendant les s\u00e9ances pl\u00e9ni\u00e8res, les ateliers et les activit\u00e9s de r\u00e9seautage <\/li>\n\n\n\n<li>Occasions de r\u00e9seauter avec les participants, conf\u00e9renciers et leaders du secteur du Forum <\/li>\n\n\n\n<li>Inclusion dans les communications et rapports post-\u00e9v\u00e9nement <\/li>\n\n\n\n<li>Reconnaissance en tant que soutien des solutions \u00e9nerg\u00e9tiques communautaires<\/li>\n<\/ul>\n\n<p class=\"wp-block-paragraph\">Pour les demandes de commandite, veuillez communiquer avec : <a href=\"mailto:info@cecooperative.ca\">info@cecooperative.ca<\/a><\/p>\n\n<hr class=\"wp-block-separator has-alpha-channel-opacity is-style-wide\"\/>\n\n<h3 class=\"wp-block-heading\"><strong>Assembl\u00e9e g\u00e9n\u00e9rale annuelle (AGA) du CECC<\/strong><\/h3>\n\n<p class=\"wp-block-paragraph\">L\u2019assembl\u00e9e g\u00e9n\u00e9rale annuelle (AGA) 2026 de la Community Energy Cooperative Canada (CECC) se tiendra \u00e9galement dans le cadre du forum de cette ann\u00e9e.<\/p>\n\n<p class=\"wp-block-paragraph\">L&rsquo;assembl\u00e9e g\u00e9n\u00e9rale annuelle est l&rsquo;occasion pour les membres de se r\u00e9unir afin de faire le bilan de l&rsquo;ann\u00e9e \u00e9coul\u00e9e, d&rsquo;apporter leurs contributions et de participer \u00e0 la d\u00e9finition des orientations futures de l&rsquo;organisation. Les membres recevront des informations sur les activit\u00e9s et l&rsquo;impact du CECC, examineront les \u00e9tats financiers et participeront aux d\u00e9cisions cl\u00e9s en mati\u00e8re de gouvernance, notamment les \u00e9lections au conseil d&rsquo;administration et la d\u00e9finition des priorit\u00e9s strat\u00e9giques.<\/p>\n\n<p class=\"wp-block-paragraph\">Si vous souhaitez soutenir et contribuer \u00e0 ce projet, nous vous invitons \u00e0 devenir membre du CECC et \u00e0 participer \u00e0 la fois au Forum et \u00e0 l&rsquo;assembl\u00e9e g\u00e9n\u00e9rale annuelle.<\/p>\n\n<h5 class=\"wp-block-heading\"><strong>D\u00e9tails de l&rsquo;AGA<\/strong><\/h5>\n\n<p class=\"wp-block-paragraph\">9 octobre 2026 | 16 h \u00e0 17 h<br\/>Universit\u00e9 Concordia, Montr\u00e9al, QC (Hybride : en personne et en ligne)<\/p>\n\n<p class=\"wp-block-paragraph\">Les membres du CECC qui assistent au Forum en personne sont chaleureusement invit\u00e9s \u00e0 participer \u00e0 l&rsquo;assembl\u00e9e g\u00e9n\u00e9rale annuelle sur place.<\/p>\n\n<hr class=\"wp-block-separator has-alpha-channel-opacity is-style-wide\"\/>\n\n<h3 class=\"wp-block-heading\"><strong>Inscrivez-vous d\u00e8s aujourd&rsquo;hui<\/strong><\/h3>\n\n<p class=\"wp-block-paragraph\">Les \u00e9nergies renouvelables g\u00e9r\u00e9es par les collectivit\u00e9s se d\u00e9veloppent au Canada, et ce forum rassemble les acteurs qui sont \u00e0 l&rsquo;origine de ce mouvement.<\/p>\n\n<p class=\"wp-block-paragraph\">Que vous lanciez un nouveau projet, recherchiez des partenaires, exploriez des modes de financement innovants ou contribuiez \u00e0 l&rsquo;\u00e9laboration de politiques, vous repartirez avec de nouvelles id\u00e9es, des outils pratiques et des contacts pr\u00e9cieux.<\/p>\n\n<p class=\"wp-block-paragraph\">Nous avons h\u00e2te de vous accueillir \u00e0 Montr\u00e9al en octobre prochain.<\/p>\n\n<div class=\"wp-block-buttons is-content-justification-center is-layout-flex wp-container-core-buttons-is-layout-3e41869c wp-block-buttons-is-layout-flex\">\n<div class=\"wp-block-button\"><a class=\"wp-block-button__link wp-element-button\" href=\"https:\/\/www.cecooperative.ca\/fr\/civicrm\/event\/register\/?reset=1&amp;id=22\">INSCRIVEZ-VOUS au Forum sur l&rsquo;\u00e9nergie communautaire 2026<\/a><\/div>\n<\/div>\n\n<hr class=\"wp-block-separator has-alpha-channel-opacity is-style-wide\" id=\"block-f036c7ca-b127-4c5b-a551-f4589e44ac8b\"\/>\n\n<h3 class=\"wp-block-heading\"><strong>H\u00e9bergement<\/strong><\/h3>\n\n<p class=\"wp-block-paragraph\">Des tarifs pr\u00e9f\u00e9rentiels ont \u00e9t\u00e9 n\u00e9goci\u00e9s pour les participants au Forum dans deux h\u00f4tels id\u00e9alement situ\u00e9s \u00e0 proximit\u00e9 de l&rsquo;universit\u00e9 Concordia.<\/p>\n\n<p class=\"wp-block-paragraph\">Les personnes inscrites sont encourag\u00e9es \u00e0 r\u00e9server t\u00f4t, car les tarifs pr\u00e9f\u00e9rentiels sont offerts jusqu&rsquo;au 7 septembre 2026, selon les disponibilit\u00e9s.<\/p>\n\n<p class=\"wp-block-paragraph\"><strong>Pour r\u00e9server votre chambre :<\/strong><\/p>\n\n<p class=\"wp-block-paragraph\">Veuillez contacter directement l&rsquo;\u00e9quipe charg\u00e9e des r\u00e9servations :<\/p>\n\n<ul class=\"wp-block-list\">\n<li><strong>T\u00e9l\u00e9phone<\/strong> : 1-888-933-8111<\/li>\n\n\n\n<li><strong>Courriel<\/strong> : r<a>eservations@sensmtlversailles.com<\/a><\/li>\n<\/ul>\n\n<p class=\"wp-block-paragraph\">Lors de votre r\u00e9servation, veuillez indiquer le code de groupe correspondant ou le nom du groupe afin de b\u00e9n\u00e9ficier du tarif r\u00e9duit.<\/p>\n\n<figure class=\"wp-block-table\"><table class=\"has-fixed-layout\"><thead><tr><th>H\u00f4tel<\/th><th>Code du groupe<\/th><\/tr><\/thead><tbody><tr><td><a href=\"https:\/\/www.google.com\/aclk?sa=L&amp;ai=DChsSEwjd5uqekcmVAxVKBa0GHdl3CJ4YACICCAEQBRoCcHY&amp;ae=2&amp;co=1&amp;ase=2&amp;gclid=Cj0KCQjwsMLSBhD9ARIsAIpUTDr4H-XMU1gV71xZTbCocjEqgWdFcmtl6DiGLw1FRiGR7uHXAZw6PCEaAknZEALw_wcB&amp;cid=CAASZuRop0fM6I0d8NHkMr1FintCfrzSOI4FFAfwGupgWPHN3alY3gRABpHjQxZNKMTiIQGlBZUKJHXj0iWmg-MomHWLnI-ifq2lluYDVHjw2qT7Zoeh2a8fM2RSR71MfQEc2hdGoiH0Dg&amp;cce=2&amp;category=acrcp_v1_71&amp;sig=AOD64_1YTJtEm8XjheOushADs9b8FktnGQ&amp;q&amp;nis=4&amp;adurl&amp;ved=2ahUKEwiM8eKekcmVAxXHOTQIHSs5CysQ0Qx6BAgxEAQ\" type=\"link\" id=\"https:\/\/www.google.com\/aclk?sa=L&amp;ai=DChsSEwjd5uqekcmVAxVKBa0GHdl3CJ4YACICCAEQBRoCcHY&amp;ae=2&amp;co=1&amp;ase=2&amp;gclid=Cj0KCQjwsMLSBhD9ARIsAIpUTDr4H-XMU1gV71xZTbCocjEqgWdFcmtl6DiGLw1FRiGR7uHXAZw6PCEaAknZEALw_wcB&amp;cid=CAASZuRop0fM6I0d8NHkMr1FintCfrzSOI4FFAfwGupgWPHN3alY3gRABpHjQxZNKMTiIQGlBZUKJHXj0iWmg-MomHWLnI-ifq2lluYDVHjw2qT7Zoeh2a8fM2RSR71MfQEc2hdGoiH0Dg&amp;cce=2&amp;category=acrcp_v1_71&amp;sig=AOD64_1YTJtEm8XjheOushADs9b8FktnGQ&amp;q&amp;nis=4&amp;adurl&amp;ved=2ahUKEwiM8eKekcmVAxXHOTQIHSs5CysQ0Qx6BAgxEAQ\">SENS Hotel Montr\u00e9al<\/a><\/td><td><strong>EFJ06S<\/strong><\/td><\/tr><tr><td><a href=\"https:\/\/www.chateauversaillesmontreal.com\/\" type=\"link\" id=\"https:\/\/www.chateauversaillesmontreal.com\/\">Ch\u00e2teau Versailles<\/a><\/td><td><strong>EFJ06B<\/strong><\/td><\/tr><\/tbody><\/table><\/figure>\n\n<p class=\"wp-block-paragraph\"><strong>Nom du groupe:<\/strong> <strong>CECC Annual Community Energy Forum (Open Block)<\/strong><\/p>\n\n<p class=\"wp-block-paragraph\"><strong>Date limite de r\u00e9servation : lundi 7 septembre 2026<\/strong><\/p>\n\n<p class=\"wp-block-paragraph\">Les r\u00e9servations peuvent \u00eatre annul\u00e9es sans frais jusqu&rsquo;au 7 septembre 2026. Les annulations effectu\u00e9es apr\u00e8s cette date donneront lieu \u00e0 des frais d&rsquo;annulation s&rsquo;\u00e9levant \u00e0 100 % du montant de la r\u00e9servation, conform\u00e9ment \u00e0 la politique de r\u00e9servation de l&rsquo;h\u00f4tel.<\/p>\n\n<hr class=\"wp-block-separator has-alpha-channel-opacity is-style-wide\" id=\"block-f036c7ca-b127-4c5b-a551-f4589e44ac8b\"\/>\n\n<h3 class=\"wp-block-heading has-text-align-center\">R\u00e9unir le Mouvement \u00c9nerg\u00e9tique Communautaire du Canada<\/h3>\n\n<hr class=\"wp-block-separator has-alpha-channel-opacity is-style-wide\" id=\"block-f036c7ca-b127-4c5b-a551-f4589e44ac8b\"\/>\n\n<p class=\"wp-block-paragraph\"><\/p>\n","protected":false},"excerpt":{"rendered":"<p>8\u20139 octobre 2026 Universit\u00e9 Concordia, Montr\u00e9al, Qu\u00e9bec | \u00c9v\u00e9nement hybride | En personne et en ligne Inscription et tarifs L&rsquo;inscription [&hellip;]<\/p>\n","protected":false},"author":6,"featured_media":1276,"comment_status":"closed","ping_status":"closed","sticky":false,"template":"","format":"standard","meta":{"_eb_attr":"","site-sidebar-layout":"default","site-content-layout":"","ast-site-content-layout":"default","site-content-style":"default","site-sidebar-style":"default","ast-global-header-display":"","ast-banner-title-visibility":"","ast-main-header-display":"","ast-hfb-above-header-display":"","ast-hfb-below-header-display":"","ast-hfb-mobile-header-display":"","site-post-title":"","ast-breadcrumbs-content":"","ast-featured-img":"disabled","footer-sml-layout":"","ast-disable-related-posts":"","theme-transparent-header-meta":"","adv-header-id-meta":"","stick-header-meta":"","header-above-stick-meta":"","header-main-stick-meta":"","header-below-stick-meta":"","astra-migrate-meta-layouts":"default","ast-page-background-enabled":"default","ast-page-background-meta":{"desktop":{"background-color":"var(--ast-global-color-5)","background-image":"","background-repeat":"repeat","background-position":"center center","background-size":"auto","background-attachment":"scroll","background-type":"","background-media":"","overlay-type":"","overlay-color":"","overlay-opacity":"","overlay-gradient":""},"tablet":{"background-color":"","background-image":"","background-repeat":"repeat","background-position":"center center","background-size":"auto","background-attachment":"scroll","background-type":"","background-media":"","overlay-type":"","overlay-color":"","overlay-opacity":"","overlay-gradient":""},"mobile":{"background-color":"","background-image":"","background-repeat":"repeat","background-position":"center center","background-size":"auto","background-attachment":"scroll","background-type":"","background-media":"","overlay-type":"","overlay-color":"","overlay-opacity":"","overlay-gradient":""}},"ast-content-background-meta":{"desktop":{"background-color":"var(--ast-global-color-4)","background-image":"","background-repeat":"repeat","background-position":"center center","background-size":"auto","background-attachment":"scroll","background-type":"","background-media":"","overlay-type":"","overlay-color":"","overlay-opacity":"","overlay-gradient":""},"tablet":{"background-color":"var(--ast-global-color-4)","background-image":"","background-repeat":"repeat","background-position":"center center","background-size":"auto","background-attachment":"scroll","background-type":"","background-media":"","overlay-type":"","overlay-color":"","overlay-opacity":"","overlay-gradient":""},"mobile":{"background-color":"var(--ast-global-color-4)","background-image":"","background-repeat":"repeat","background-position":"center center","background-size":"auto","background-attachment":"scroll","background-type":"","background-media":"","overlay-type":"","overlay-color":"","overlay-opacity":"","overlay-gradient":""}},"footnotes":"","_members_access_role":[],"_members_access_error":""},"categories":[6],"tags":[],"class_list":["post-1277","post","type-post","status-publish","format-standard","has-post-thumbnail","hentry","category-non-categorise"],"_links":{"self":[{"href":"https:\/\/www.cecooperative.ca\/fr\/wp-json\/wp\/v2\/posts\/1277","targetHints":{"allow":["GET"]}}],"collection":[{"href":"https:\/\/www.cecooperative.ca\/fr\/wp-json\/wp\/v2\/posts"}],"about":[{"href":"https:\/\/www.cecooperative.ca\/fr\/wp-json\/wp\/v2\/types\/post"}],"author":[{"embeddable":true,"href":"https:\/\/www.cecooperative.ca\/fr\/wp-json\/wp\/v2\/users\/6"}],"replies":[{"embeddable":true,"href":"https:\/\/www.cecooperative.ca\/fr\/wp-json\/wp\/v2\/comments?post=1277"}],"version-history":[{"count":3,"href":"https:\/\/www.cecooperative.ca\/fr\/wp-json\/wp\/v2\/posts\/1277\/revisions"}],"predecessor-version":[{"id":1435,"href":"https:\/\/www.cecooperative.ca\/fr\/wp-json\/wp\/v2\/posts\/1277\/revisions\/1435"}],"wp:featuredmedia":[{"embeddable":true,"href":"https:\/\/www.cecooperative.ca\/fr\/wp-json\/wp\/v2\/media\/1276"}],"wp:attachment":[{"href":"https:\/\/www.cecooperative.ca\/fr\/wp-json\/wp\/v2\/media?parent=1277"}],"wp:term":[{"taxonomy":"category","embeddable":true,"href":"https:\/\/www.cecooperative.ca\/fr\/wp-json\/wp\/v2\/categories?post=1277"},{"taxonomy":"post_tag","embeddable":true,"href":"https:\/\/www.cecooperative.ca\/fr\/wp-json\/wp\/v2\/tags?post=1277"}],"curies":[{"name":"wp","href":"https:\/\/api.w.org\/{rel}","templated":true}]}}